{"id":16283,"date":"2025-10-25T14:07:49","date_gmt":"2025-10-25T12:07:49","guid":{"rendered":"https:\/\/gesellschaft-museum.de\/bridge\/?p=16283"},"modified":"2025-10-25T14:07:49","modified_gmt":"2025-10-25T12:07:49","slug":"die-clubmeister-2025-sind-gekuert","status":"publish","type":"post","link":"https:\/\/gesellschaft-museum.de\/bridge\/die-clubmeister-2025-sind-gekuert\/","title":{"rendered":"Die Clubmeister 2025 sind gek\u00fcrt"},"content":{"rendered":"<section  class='av_textblock_section av-mh67w7w7-f7ce7706db7d5853568b6d9aadb52615 '   itemscope=\"itemscope\" itemtype=\"https:\/\/schema.org\/BlogPosting\" itemprop=\"blogPost\" ><div class='avia_textblock'  itemprop=\"text\" ><p>15 volle Tische bei der Clubmeisterschaft und beim Ausspielen des Rolf-Bertels-Pokals am 18. Oktober 2025! Wir freuen uns \u00fcber diese gro\u00dfartige Beteiligung und vor allem auch dar\u00fcber, dass alle Spielst\u00e4rken im Club vertreten waren &#8211; von Anf\u00e4ngern bis hin zu unseren Bundesligaspielern. Wir sehen dies auch als Ausdruck f\u00fcr das gute Miteinander in unserem Club. Entsprechend gut war die Stimmung an den Tischen und sp\u00e4ter vor und w\u00e4hrend der Siegerehrung. Dabei gab es einige durchaus \u00fcberraschende Platzierungen, aber auf den ersten Pl\u00e4tzen waren dann doch die spielstarken Paare vertreten. Und es zeigte sich auch wieder: keine andere Sportart verbindet die Generationen so erfolgreich wie Bridge: Mit ausgezeichneten 64,11 Prozent sicherte sich das Paar Harro Imend\u00f6rffer und Christoph Malik am Ende den Pokal und den Gesamtsieg. Herzlichen Gl\u00fcckwunsch f\u00fcr diese gro\u00dfartige Leistung!<\/p>\n<p>Wir danken allen, die diesen Tag organisiert haben, die mit Beitr\u00e4gen zum Kuchenbuffet und zum Mittagessen den notwendigen Energiepegel f\u00fcr den zweiten Durchgang gesichert haben und wir danken insbesondere wieder Ulf Bormann f\u00fcr die Vorbereitung und souver\u00e4ne Durchf\u00fchrung des Turniers als Turnierleiter!<\/p>\n<\/div><\/section>\n<div  class='flex_column av-mh67anok-3034f84f570879514842c87ac0ba5c76 av_one_full  avia-builder-el-1  el_after_av_textblock  el_before_av_horizontal_gallery  avia-builder-el-last  first flex_column_div  column-top-margin'     ><\/div>\n\n<style type=\"text\/css\" data-created_by=\"avia_inline_auto\" id=\"style-css-av-mh67ab8p-18f512a8a931e9c91a4e54d167f6be64\">\n.av-horizontal-gallery.av-mh67ab8p-18f512a8a931e9c91a4e54d167f6be64{\npadding:3.75% 0px;;\n}\n.av-horizontal-gallery.av-mh67ab8p-18f512a8a931e9c91a4e54d167f6be64 .av-horizontal-gallery-inner{\npadding-bottom:25%;\n}\n<\/style>\n<div  class='av-horizontal-gallery av-mh67ab8p-18f512a8a931e9c91a4e54d167f6be64 av-horizontal-gallery-large-gap av-horizontal-gallery-enlarge-effect  avia-builder-el-2  el_after_av_one_full  avia-builder-el-last  av-slideshow-ui av-control-default av-slideshow-manual av-loop-once av-loop-manual-endless av-horizontal-gallery-1' data-slideshow-data=\"{&quot;enlarge&quot;:1.3,&quot;animation&quot;:&quot;slide&quot;,&quot;autoplay&quot;:false,&quot;loop_autoplay&quot;:&quot;once&quot;,&quot;interval&quot;:5,&quot;loop_manual&quot;:&quot;manual-endless&quot;,&quot;autoplay_stopper&quot;:false,&quot;noNavigation&quot;:false,&quot;bg_slider&quot;:false,&quot;keep_padding&quot;:&quot;&quot;,&quot;hoverpause&quot;:false,&quot;show_slide_delay&quot;:0}\"  itemprop=\"image\" itemscope=\"itemscope\" itemtype=\"https:\/\/schema.org\/ImageObject\" ><div class='avia-slideshow-arrows avia-slideshow-controls' ><a href='#prev' class='prev-slide av-horizontal-gallery-prev avia-svg-icon avia-font-svg_entypo-fontello' data-av_svg_icon='left-open-big' data-av_iconset='svg_entypo-fontello' tabindex='-1' title=\"Zur\u00fcck\"><svg version=\"1.1\" xmlns=\"http:\/\/www.w3.org\/2000\/svg\" width=\"15\" height=\"32\" viewBox=\"0 0 15 32\" preserveAspectRatio=\"xMidYMid meet\" aria-labelledby='av-svg-title-1' aria-describedby='av-svg-desc-1' role=\"graphics-symbol\" aria-hidden=\"true\">\n<title id='av-svg-title-1'>Zur\u00fcck<\/title>\n<desc id='av-svg-desc-1'>Zur\u00fcck<\/desc>\n<path d=\"M14.464 27.84q0.832 0.832 0 1.536-0.832 0.832-1.536 0l-12.544-12.608q-0.768-0.768 0-1.6l12.544-12.608q0.704-0.832 1.536 0 0.832 0.704 0 1.536l-11.456 11.904z\"><\/path>\n<\/svg><span class='avia_hidden_link_text'>Zur\u00fcck<\/span><\/a><a href='#next' class='next-slide av-horizontal-gallery-next avia-svg-icon avia-font-svg_entypo-fontello' data-av_svg_icon='right-open-big' data-av_iconset='svg_entypo-fontello' tabindex='-1' title=\"Weiter\"><svg version=\"1.1\" xmlns=\"http:\/\/www.w3.org\/2000\/svg\" width=\"15\" height=\"32\" viewBox=\"0 0 15 32\" preserveAspectRatio=\"xMidYMid meet\" aria-labelledby='av-svg-title-2' aria-describedby='av-svg-desc-2' role=\"graphics-symbol\" aria-hidden=\"true\">\n<title id='av-svg-title-2'>Weiter<\/title>\n<desc id='av-svg-desc-2'>Weiter<\/desc>\n<path d=\"M0.416 27.84l11.456-11.84-11.456-11.904q-0.832-0.832 0-1.536 0.832-0.832 1.536 0l12.544 12.608q0.768 0.832 0 1.6l-12.544 12.608q-0.704 0.832-1.536 0-0.832-0.704 0-1.536z\"><\/path>\n<\/svg><span class='avia_hidden_link_text'>Weiter<\/span><\/a><\/div><div class='avia-slideshow-dots avia-slideshow-controls av-horizontal-gallery-dots fade-in'><a href='#1' class='goto-slide active' >1<\/a><a href='#2' class='goto-slide ' >2<\/a><a href='#3' class='goto-slide ' >3<\/a><a href='#4' class='goto-slide ' >4<\/a><a href='#5' class='goto-slide ' >5<\/a><a href='#6' class='goto-slide ' >6<\/a><\/div><div class='av-horizontal-gallery-inner' data-av-height='25'><div class=\"av-horizontal-gallery-slider\"><div class=\"av-horizontal-gallery-wrap noHover\"><img decoding=\"async\" fetchpriority=\"high\" class='wp-image-16279 avia-img-lazy-loading-not-16279 av-horizontal-gallery-img' width=\"1030\" height=\"773\" src=\"https:\/\/gesellschaft-museum.de\/bridge\/wp-content\/uploads\/sites\/2\/image003_klein-1-1030x773.jpg\" title='Die Clubmeister 2025 - Harro Imend\u00f6rffer und Christoph Malik' alt='' srcset=\"https:\/\/gesellschaft-museum.de\/bridge\/wp-content\/uploads\/sites\/2\/image003_klein-1-1030x773.jpg 1030w, https:\/\/gesellschaft-museum.de\/bridge\/wp-content\/uploads\/sites\/2\/image003_klein-1-300x225.jpg 300w, https:\/\/gesellschaft-museum.de\/bridge\/wp-content\/uploads\/sites\/2\/image003_klein-1-768x576.jpg 768w, https:\/\/gesellschaft-museum.de\/bridge\/wp-content\/uploads\/sites\/2\/image003_klein-1-1536x1152.jpg 1536w, https:\/\/gesellschaft-museum.de\/bridge\/wp-content\/uploads\/sites\/2\/image003_klein-1-1500x1125.jpg 1500w, https:\/\/gesellschaft-museum.de\/bridge\/wp-content\/uploads\/sites\/2\/image003_klein-1-705x529.jpg 705w, https:\/\/gesellschaft-museum.de\/bridge\/wp-content\/uploads\/sites\/2\/image003_klein-1.jpg 2000w\" sizes=\"(max-width: 1030px) 100vw, 1030px\" \/><a href=\"https:\/\/gesellschaft-museum.de\/bridge\/wp-content\/uploads\/sites\/2\/image003_klein-1-1030x773.jpg\" data-srcset=\"https:\/\/gesellschaft-museum.de\/bridge\/wp-content\/uploads\/sites\/2\/image003_klein-1-1030x773.jpg 1030w, https:\/\/gesellschaft-museum.de\/bridge\/wp-content\/uploads\/sites\/2\/image003_klein-1-300x225.jpg 300w, https:\/\/gesellschaft-museum.de\/bridge\/wp-content\/uploads\/sites\/2\/image003_klein-1-768x576.jpg 768w, https:\/\/gesellschaft-museum.de\/bridge\/wp-content\/uploads\/sites\/2\/image003_klein-1-1536x1152.jpg 1536w, https:\/\/gesellschaft-museum.de\/bridge\/wp-content\/uploads\/sites\/2\/image003_klein-1-1500x1125.jpg 1500w, https:\/\/gesellschaft-museum.de\/bridge\/wp-content\/uploads\/sites\/2\/image003_klein-1-705x529.jpg 705w, https:\/\/gesellschaft-museum.de\/bridge\/wp-content\/uploads\/sites\/2\/image003_klein-1.jpg 2000w\" data-sizes=\"(max-width: 1030px) 100vw, 1030px\" class='av-horizontal-gallery-link avia-svg-icon avia-font-svg_entypo-fontello' data-av_svg_icon='resize-full' data-av_iconset='svg_entypo-fontello' title='Die Clubmeister 2025 - Harro Imend\u00f6rffer und Christoph Malik' alt='' aria-label='Open image in lightbox: Die Clubmeister 2025 - Harro Imend\u00f6rffer und Christoph Malik'><svg version=\"1.1\" xmlns=\"http:\/\/www.w3.org\/2000\/svg\" width=\"25\" height=\"32\" viewBox=\"0 0 25 32\" preserveAspectRatio=\"xMidYMid meet\" aria-labelledby='av-svg-title-3' aria-describedby='av-svg-desc-3' role=\"graphics-symbol\" aria-hidden=\"true\">\n<title id='av-svg-title-3'>Open image in lightbox: Die Clubmeister 2025 - Harro Imend\u00f6rffer und Christoph Malik<\/title>\n<desc id='av-svg-desc-3'>Open image in lightbox: Die Clubmeister 2025 - Harro Imend\u00f6rffer und Christoph Malik<\/desc>\n<path d=\"M15.232 3.328h10.112v10.112l-3.2-3.968-4.672 4.864-3.2-3.2 4.864-4.672zM7.872 17.536l3.2 3.2-4.864 4.672 3.904 3.2h-10.112v-10.112l3.2 3.904z\"><\/path>\n<\/svg><\/a><\/div><div class=\"av-horizontal-gallery-wrap noHover\"><img decoding=\"async\" fetchpriority=\"high\" class='wp-image-16280 avia-img-lazy-loading-not-16280 av-horizontal-gallery-img' width=\"1030\" height=\"773\" src=\"https:\/\/gesellschaft-museum.de\/bridge\/wp-content\/uploads\/sites\/2\/image004_klein-1-1030x773.jpg\" title='Die Gewinner der Silbermedaille - Dr. Gerben Dirksen und Milan Schirowski' alt='' srcset=\"https:\/\/gesellschaft-museum.de\/bridge\/wp-content\/uploads\/sites\/2\/image004_klein-1-1030x773.jpg 1030w, https:\/\/gesellschaft-museum.de\/bridge\/wp-content\/uploads\/sites\/2\/image004_klein-1-300x225.jpg 300w, https:\/\/gesellschaft-museum.de\/bridge\/wp-content\/uploads\/sites\/2\/image004_klein-1-768x576.jpg 768w, https:\/\/gesellschaft-museum.de\/bridge\/wp-content\/uploads\/sites\/2\/image004_klein-1-1536x1152.jpg 1536w, https:\/\/gesellschaft-museum.de\/bridge\/wp-content\/uploads\/sites\/2\/image004_klein-1-1500x1125.jpg 1500w, https:\/\/gesellschaft-museum.de\/bridge\/wp-content\/uploads\/sites\/2\/image004_klein-1-705x529.jpg 705w, https:\/\/gesellschaft-museum.de\/bridge\/wp-content\/uploads\/sites\/2\/image004_klein-1.jpg 2000w\" sizes=\"(max-width: 1030px) 100vw, 1030px\" \/><a href=\"https:\/\/gesellschaft-museum.de\/bridge\/wp-content\/uploads\/sites\/2\/image004_klein-1-1030x773.jpg\" data-srcset=\"https:\/\/gesellschaft-museum.de\/bridge\/wp-content\/uploads\/sites\/2\/image004_klein-1-1030x773.jpg 1030w, https:\/\/gesellschaft-museum.de\/bridge\/wp-content\/uploads\/sites\/2\/image004_klein-1-300x225.jpg 300w, https:\/\/gesellschaft-museum.de\/bridge\/wp-content\/uploads\/sites\/2\/image004_klein-1-768x576.jpg 768w, https:\/\/gesellschaft-museum.de\/bridge\/wp-content\/uploads\/sites\/2\/image004_klein-1-1536x1152.jpg 1536w, https:\/\/gesellschaft-museum.de\/bridge\/wp-content\/uploads\/sites\/2\/image004_klein-1-1500x1125.jpg 1500w, https:\/\/gesellschaft-museum.de\/bridge\/wp-content\/uploads\/sites\/2\/image004_klein-1-705x529.jpg 705w, https:\/\/gesellschaft-museum.de\/bridge\/wp-content\/uploads\/sites\/2\/image004_klein-1.jpg 2000w\" data-sizes=\"(max-width: 1030px) 100vw, 1030px\" class='av-horizontal-gallery-link avia-svg-icon avia-font-svg_entypo-fontello' data-av_svg_icon='resize-full' data-av_iconset='svg_entypo-fontello' title='Die Gewinner der Silbermedaille - Dr. Gerben Dirksen und Milan Schirowski' alt='' aria-label='Open image in lightbox: Die Gewinner der Silbermedaille - Dr. Gerben Dirksen und Milan Schirowski'><svg version=\"1.1\" xmlns=\"http:\/\/www.w3.org\/2000\/svg\" width=\"25\" height=\"32\" viewBox=\"0 0 25 32\" preserveAspectRatio=\"xMidYMid meet\" aria-labelledby='av-svg-title-4' aria-describedby='av-svg-desc-4' role=\"graphics-symbol\" aria-hidden=\"true\">\n<title id='av-svg-title-4'>Open image in lightbox: Die Gewinner der Silbermedaille - Dr. Gerben Dirksen und Milan Schirowski<\/title>\n<desc id='av-svg-desc-4'>Open image in lightbox: Die Gewinner der Silbermedaille - Dr. Gerben Dirksen und Milan Schirowski<\/desc>\n<path d=\"M15.232 3.328h10.112v10.112l-3.2-3.968-4.672 4.864-3.2-3.2 4.864-4.672zM7.872 17.536l3.2 3.2-4.864 4.672 3.904 3.2h-10.112v-10.112l3.2 3.904z\"><\/path>\n<\/svg><\/a><\/div><div class=\"av-horizontal-gallery-wrap noHover\"><img decoding=\"async\" fetchpriority=\"high\" class='wp-image-16281 avia-img-lazy-loading-not-16281 av-horizontal-gallery-img' width=\"1030\" height=\"773\" src=\"https:\/\/gesellschaft-museum.de\/bridge\/wp-content\/uploads\/sites\/2\/image008_klein-1-1030x773.jpg\" title='Eine Flasche Wein auch f\u00fcr den 3. Platz: Jos\u00e9 Filler und Jan Siegel' alt='' srcset=\"https:\/\/gesellschaft-museum.de\/bridge\/wp-content\/uploads\/sites\/2\/image008_klein-1-1030x773.jpg 1030w, https:\/\/gesellschaft-museum.de\/bridge\/wp-content\/uploads\/sites\/2\/image008_klein-1-300x225.jpg 300w, https:\/\/gesellschaft-museum.de\/bridge\/wp-content\/uploads\/sites\/2\/image008_klein-1-768x576.jpg 768w, https:\/\/gesellschaft-museum.de\/bridge\/wp-content\/uploads\/sites\/2\/image008_klein-1-1536x1152.jpg 1536w, https:\/\/gesellschaft-museum.de\/bridge\/wp-content\/uploads\/sites\/2\/image008_klein-1-1500x1125.jpg 1500w, https:\/\/gesellschaft-museum.de\/bridge\/wp-content\/uploads\/sites\/2\/image008_klein-1-705x529.jpg 705w, https:\/\/gesellschaft-museum.de\/bridge\/wp-content\/uploads\/sites\/2\/image008_klein-1.jpg 2000w\" sizes=\"(max-width: 1030px) 100vw, 1030px\" \/><a href=\"https:\/\/gesellschaft-museum.de\/bridge\/wp-content\/uploads\/sites\/2\/image008_klein-1-1030x773.jpg\" data-srcset=\"https:\/\/gesellschaft-museum.de\/bridge\/wp-content\/uploads\/sites\/2\/image008_klein-1-1030x773.jpg 1030w, https:\/\/gesellschaft-museum.de\/bridge\/wp-content\/uploads\/sites\/2\/image008_klein-1-300x225.jpg 300w, https:\/\/gesellschaft-museum.de\/bridge\/wp-content\/uploads\/sites\/2\/image008_klein-1-768x576.jpg 768w, https:\/\/gesellschaft-museum.de\/bridge\/wp-content\/uploads\/sites\/2\/image008_klein-1-1536x1152.jpg 1536w, https:\/\/gesellschaft-museum.de\/bridge\/wp-content\/uploads\/sites\/2\/image008_klein-1-1500x1125.jpg 1500w, https:\/\/gesellschaft-museum.de\/bridge\/wp-content\/uploads\/sites\/2\/image008_klein-1-705x529.jpg 705w, https:\/\/gesellschaft-museum.de\/bridge\/wp-content\/uploads\/sites\/2\/image008_klein-1.jpg 2000w\" data-sizes=\"(max-width: 1030px) 100vw, 1030px\" class='av-horizontal-gallery-link avia-svg-icon avia-font-svg_entypo-fontello' data-av_svg_icon='resize-full' data-av_iconset='svg_entypo-fontello' title='Eine Flasche Wein auch f\u00fcr den 3. Platz: Jos\u00e9 Filler und Jan Siegel' alt='' aria-label='Open image in lightbox: Eine Flasche Wein auch f\u00fcr den 3. Platz: Jos\u00e9 Filler und Jan Siegel'><svg version=\"1.1\" xmlns=\"http:\/\/www.w3.org\/2000\/svg\" width=\"25\" height=\"32\" viewBox=\"0 0 25 32\" preserveAspectRatio=\"xMidYMid meet\" aria-labelledby='av-svg-title-5' aria-describedby='av-svg-desc-5' role=\"graphics-symbol\" aria-hidden=\"true\">\n<title id='av-svg-title-5'>Open image in lightbox: Eine Flasche Wein auch f\u00fcr den 3. Platz: Jos\u00e9 Filler und Jan Siegel<\/title>\n<desc id='av-svg-desc-5'>Open image in lightbox: Eine Flasche Wein auch f\u00fcr den 3. Platz: Jos\u00e9 Filler und Jan Siegel<\/desc>\n<path d=\"M15.232 3.328h10.112v10.112l-3.2-3.968-4.672 4.864-3.2-3.2 4.864-4.672zM7.872 17.536l3.2 3.2-4.864 4.672 3.904 3.2h-10.112v-10.112l3.2 3.904z\"><\/path>\n<\/svg><\/a><\/div><div class=\"av-horizontal-gallery-wrap noHover\"><img decoding=\"async\" fetchpriority=\"high\" class='wp-image-16282 avia-img-lazy-loading-not-16282 av-horizontal-gallery-img' width=\"1030\" height=\"773\" src=\"https:\/\/gesellschaft-museum.de\/bridge\/wp-content\/uploads\/sites\/2\/image011_klein-1030x773.jpg\" title='Das Siegerpaar der Coeurgruppe: Ulrike Madel und Thomas Larisch' alt='' srcset=\"https:\/\/gesellschaft-museum.de\/bridge\/wp-content\/uploads\/sites\/2\/image011_klein-1030x773.jpg 1030w, https:\/\/gesellschaft-museum.de\/bridge\/wp-content\/uploads\/sites\/2\/image011_klein-300x225.jpg 300w, https:\/\/gesellschaft-museum.de\/bridge\/wp-content\/uploads\/sites\/2\/image011_klein-768x576.jpg 768w, https:\/\/gesellschaft-museum.de\/bridge\/wp-content\/uploads\/sites\/2\/image011_klein-1536x1152.jpg 1536w, https:\/\/gesellschaft-museum.de\/bridge\/wp-content\/uploads\/sites\/2\/image011_klein-1500x1125.jpg 1500w, https:\/\/gesellschaft-museum.de\/bridge\/wp-content\/uploads\/sites\/2\/image011_klein-705x529.jpg 705w, https:\/\/gesellschaft-museum.de\/bridge\/wp-content\/uploads\/sites\/2\/image011_klein.jpg 2000w\" sizes=\"(max-width: 1030px) 100vw, 1030px\" \/><a href=\"https:\/\/gesellschaft-museum.de\/bridge\/wp-content\/uploads\/sites\/2\/image011_klein-1030x773.jpg\" data-srcset=\"https:\/\/gesellschaft-museum.de\/bridge\/wp-content\/uploads\/sites\/2\/image011_klein-1030x773.jpg 1030w, https:\/\/gesellschaft-museum.de\/bridge\/wp-content\/uploads\/sites\/2\/image011_klein-300x225.jpg 300w, https:\/\/gesellschaft-museum.de\/bridge\/wp-content\/uploads\/sites\/2\/image011_klein-768x576.jpg 768w, https:\/\/gesellschaft-museum.de\/bridge\/wp-content\/uploads\/sites\/2\/image011_klein-1536x1152.jpg 1536w, https:\/\/gesellschaft-museum.de\/bridge\/wp-content\/uploads\/sites\/2\/image011_klein-1500x1125.jpg 1500w, https:\/\/gesellschaft-museum.de\/bridge\/wp-content\/uploads\/sites\/2\/image011_klein-705x529.jpg 705w, https:\/\/gesellschaft-museum.de\/bridge\/wp-content\/uploads\/sites\/2\/image011_klein.jpg 2000w\" data-sizes=\"(max-width: 1030px) 100vw, 1030px\" class='av-horizontal-gallery-link avia-svg-icon avia-font-svg_entypo-fontello' data-av_svg_icon='resize-full' data-av_iconset='svg_entypo-fontello' title='Das Siegerpaar der Coeurgruppe: Ulrike Madel und Thomas Larisch' alt='' aria-label='Open image in lightbox: Das Siegerpaar der Coeurgruppe: Ulrike Madel und Thomas Larisch'><svg version=\"1.1\" xmlns=\"http:\/\/www.w3.org\/2000\/svg\" width=\"25\" height=\"32\" viewBox=\"0 0 25 32\" preserveAspectRatio=\"xMidYMid meet\" aria-labelledby='av-svg-title-6' aria-describedby='av-svg-desc-6' role=\"graphics-symbol\" aria-hidden=\"true\">\n<title id='av-svg-title-6'>Open image in lightbox: Das Siegerpaar der Coeurgruppe: Ulrike Madel und Thomas Larisch<\/title>\n<desc id='av-svg-desc-6'>Open image in lightbox: Das Siegerpaar der Coeurgruppe: Ulrike Madel und Thomas Larisch<\/desc>\n<path d=\"M15.232 3.328h10.112v10.112l-3.2-3.968-4.672 4.864-3.2-3.2 4.864-4.672zM7.872 17.536l3.2 3.2-4.864 4.672 3.904 3.2h-10.112v-10.112l3.2 3.904z\"><\/path>\n<\/svg><\/a><\/div><div class=\"av-horizontal-gallery-wrap noHover\"><img decoding=\"async\" fetchpriority=\"high\" class='wp-image-16277 avia-img-lazy-loading-not-16277 av-horizontal-gallery-img' width=\"1030\" height=\"773\" src=\"https:\/\/gesellschaft-museum.de\/bridge\/wp-content\/uploads\/sites\/2\/image012_klein-1-1030x773.jpg\" title='Auch der 2. Platz der Coeur-Gruppe muss ersteinmal erspielt werden: Neco Altunay und Halil Durdudiler' alt='' srcset=\"https:\/\/gesellschaft-museum.de\/bridge\/wp-content\/uploads\/sites\/2\/image012_klein-1-1030x773.jpg 1030w, https:\/\/gesellschaft-museum.de\/bridge\/wp-content\/uploads\/sites\/2\/image012_klein-1-300x225.jpg 300w, https:\/\/gesellschaft-museum.de\/bridge\/wp-content\/uploads\/sites\/2\/image012_klein-1-768x576.jpg 768w, https:\/\/gesellschaft-museum.de\/bridge\/wp-content\/uploads\/sites\/2\/image012_klein-1-1536x1152.jpg 1536w, https:\/\/gesellschaft-museum.de\/bridge\/wp-content\/uploads\/sites\/2\/image012_klein-1-1500x1125.jpg 1500w, https:\/\/gesellschaft-museum.de\/bridge\/wp-content\/uploads\/sites\/2\/image012_klein-1-705x529.jpg 705w, https:\/\/gesellschaft-museum.de\/bridge\/wp-content\/uploads\/sites\/2\/image012_klein-1.jpg 2000w\" sizes=\"(max-width: 1030px) 100vw, 1030px\" \/><a href=\"https:\/\/gesellschaft-museum.de\/bridge\/wp-content\/uploads\/sites\/2\/image012_klein-1-1030x773.jpg\" data-srcset=\"https:\/\/gesellschaft-museum.de\/bridge\/wp-content\/uploads\/sites\/2\/image012_klein-1-1030x773.jpg 1030w, https:\/\/gesellschaft-museum.de\/bridge\/wp-content\/uploads\/sites\/2\/image012_klein-1-300x225.jpg 300w, https:\/\/gesellschaft-museum.de\/bridge\/wp-content\/uploads\/sites\/2\/image012_klein-1-768x576.jpg 768w, https:\/\/gesellschaft-museum.de\/bridge\/wp-content\/uploads\/sites\/2\/image012_klein-1-1536x1152.jpg 1536w, https:\/\/gesellschaft-museum.de\/bridge\/wp-content\/uploads\/sites\/2\/image012_klein-1-1500x1125.jpg 1500w, https:\/\/gesellschaft-museum.de\/bridge\/wp-content\/uploads\/sites\/2\/image012_klein-1-705x529.jpg 705w, https:\/\/gesellschaft-museum.de\/bridge\/wp-content\/uploads\/sites\/2\/image012_klein-1.jpg 2000w\" data-sizes=\"(max-width: 1030px) 100vw, 1030px\" class='av-horizontal-gallery-link avia-svg-icon avia-font-svg_entypo-fontello' data-av_svg_icon='resize-full' data-av_iconset='svg_entypo-fontello' title='Auch der 2. Platz der Coeur-Gruppe muss ersteinmal erspielt werden: Neco Altunay und Halil Durdudiler' alt='' aria-label='Open image in lightbox: Auch der 2. Platz der Coeur-Gruppe muss ersteinmal erspielt werden: Neco Altunay und Halil Durdudiler'><svg version=\"1.1\" xmlns=\"http:\/\/www.w3.org\/2000\/svg\" width=\"25\" height=\"32\" viewBox=\"0 0 25 32\" preserveAspectRatio=\"xMidYMid meet\" aria-labelledby='av-svg-title-7' aria-describedby='av-svg-desc-7' role=\"graphics-symbol\" aria-hidden=\"true\">\n<title id='av-svg-title-7'>Open image in lightbox: Auch der 2. Platz der Coeur-Gruppe muss ersteinmal erspielt werden: Neco Altunay und Halil Durdudiler<\/title>\n<desc id='av-svg-desc-7'>Open image in lightbox: Auch der 2. Platz der Coeur-Gruppe muss ersteinmal erspielt werden: Neco Altunay und Halil Durdudiler<\/desc>\n<path d=\"M15.232 3.328h10.112v10.112l-3.2-3.968-4.672 4.864-3.2-3.2 4.864-4.672zM7.872 17.536l3.2 3.2-4.864 4.672 3.904 3.2h-10.112v-10.112l3.2 3.904z\"><\/path>\n<\/svg><\/a><\/div><div class=\"av-horizontal-gallery-wrap noHover\"><img decoding=\"async\" fetchpriority=\"high\" class='wp-image-16278 avia-img-lazy-loading-not-16278 av-horizontal-gallery-img' width=\"1030\" height=\"773\" src=\"https:\/\/gesellschaft-museum.de\/bridge\/wp-content\/uploads\/sites\/2\/image015_klein-1030x773.jpg\" title='F\u00fcr die Punktlandung bei fast exakt 50%: Klaus Wolkersdorfer und Holger Klaffke' alt='' srcset=\"https:\/\/gesellschaft-museum.de\/bridge\/wp-content\/uploads\/sites\/2\/image015_klein-1030x773.jpg 1030w, https:\/\/gesellschaft-museum.de\/bridge\/wp-content\/uploads\/sites\/2\/image015_klein-300x225.jpg 300w, https:\/\/gesellschaft-museum.de\/bridge\/wp-content\/uploads\/sites\/2\/image015_klein-768x576.jpg 768w, https:\/\/gesellschaft-museum.de\/bridge\/wp-content\/uploads\/sites\/2\/image015_klein-1536x1152.jpg 1536w, https:\/\/gesellschaft-museum.de\/bridge\/wp-content\/uploads\/sites\/2\/image015_klein-1500x1125.jpg 1500w, https:\/\/gesellschaft-museum.de\/bridge\/wp-content\/uploads\/sites\/2\/image015_klein-705x529.jpg 705w, https:\/\/gesellschaft-museum.de\/bridge\/wp-content\/uploads\/sites\/2\/image015_klein.jpg 2000w\" sizes=\"(max-width: 1030px) 100vw, 1030px\" \/><a href=\"https:\/\/gesellschaft-museum.de\/bridge\/wp-content\/uploads\/sites\/2\/image015_klein-1030x773.jpg\" data-srcset=\"https:\/\/gesellschaft-museum.de\/bridge\/wp-content\/uploads\/sites\/2\/image015_klein-1030x773.jpg 1030w, https:\/\/gesellschaft-museum.de\/bridge\/wp-content\/uploads\/sites\/2\/image015_klein-300x225.jpg 300w, https:\/\/gesellschaft-museum.de\/bridge\/wp-content\/uploads\/sites\/2\/image015_klein-768x576.jpg 768w, https:\/\/gesellschaft-museum.de\/bridge\/wp-content\/uploads\/sites\/2\/image015_klein-1536x1152.jpg 1536w, https:\/\/gesellschaft-museum.de\/bridge\/wp-content\/uploads\/sites\/2\/image015_klein-1500x1125.jpg 1500w, https:\/\/gesellschaft-museum.de\/bridge\/wp-content\/uploads\/sites\/2\/image015_klein-705x529.jpg 705w, https:\/\/gesellschaft-museum.de\/bridge\/wp-content\/uploads\/sites\/2\/image015_klein.jpg 2000w\" data-sizes=\"(max-width: 1030px) 100vw, 1030px\" class='av-horizontal-gallery-link avia-svg-icon avia-font-svg_entypo-fontello' data-av_svg_icon='resize-full' data-av_iconset='svg_entypo-fontello' title='F\u00fcr die Punktlandung bei fast exakt 50%: Klaus Wolkersdorfer und Holger Klaffke' alt='' aria-label='Open image in lightbox: F\u00fcr die Punktlandung bei fast exakt 50%: Klaus Wolkersdorfer und Holger Klaffke'><svg version=\"1.1\" xmlns=\"http:\/\/www.w3.org\/2000\/svg\" width=\"25\" height=\"32\" viewBox=\"0 0 25 32\" preserveAspectRatio=\"xMidYMid meet\" aria-labelledby='av-svg-title-8' aria-describedby='av-svg-desc-8' role=\"graphics-symbol\" aria-hidden=\"true\">\n<title id='av-svg-title-8'>Open image in lightbox: F\u00fcr die Punktlandung bei fast exakt 50%: Klaus Wolkersdorfer und Holger Klaffke<\/title>\n<desc id='av-svg-desc-8'>Open image in lightbox: F\u00fcr die Punktlandung bei fast exakt 50%: Klaus Wolkersdorfer und Holger Klaffke<\/desc>\n<path d=\"M15.232 3.328h10.112v10.112l-3.2-3.968-4.672 4.864-3.2-3.2 4.864-4.672zM7.872 17.536l3.2 3.2-4.864 4.672 3.904 3.2h-10.112v-10.112l3.2 3.904z\"><\/path>\n<\/svg><\/a><\/div><\/div><\/div><\/div>\n","protected":false},"excerpt":{"rendered":"","protected":false},"author":10,"featured_media":16279,"comment_status":"closed","ping_status":"closed","sticky":false,"template":"","format":"standard","meta":{"footnotes":""},"categories":[1],"tags":[108,205],"class_list":["post-16283","post","type-post","status-publish","format-standard","has-post-thumbnail","hentry","category-allgemein","tag-clubmeisterschaft","tag-rolf-bertels-pokal"],"_links":{"self":[{"href":"https:\/\/gesellschaft-museum.de\/bridge\/wp-json\/wp\/v2\/posts\/16283","targetHints":{"allow":["GET"]}}],"collection":[{"href":"https:\/\/gesellschaft-museum.de\/bridge\/wp-json\/wp\/v2\/posts"}],"about":[{"href":"https:\/\/gesellschaft-museum.de\/bridge\/wp-json\/wp\/v2\/types\/post"}],"author":[{"embeddable":true,"href":"https:\/\/gesellschaft-museum.de\/bridge\/wp-json\/wp\/v2\/users\/10"}],"replies":[{"embeddable":true,"href":"https:\/\/gesellschaft-museum.de\/bridge\/wp-json\/wp\/v2\/comments?post=16283"}],"version-history":[{"count":5,"href":"https:\/\/gesellschaft-museum.de\/bridge\/wp-json\/wp\/v2\/posts\/16283\/revisions"}],"predecessor-version":[{"id":16288,"href":"https:\/\/gesellschaft-museum.de\/bridge\/wp-json\/wp\/v2\/posts\/16283\/revisions\/16288"}],"wp:featuredmedia":[{"embeddable":true,"href":"https:\/\/gesellschaft-museum.de\/bridge\/wp-json\/wp\/v2\/media\/16279"}],"wp:attachment":[{"href":"https:\/\/gesellschaft-museum.de\/bridge\/wp-json\/wp\/v2\/media?parent=16283"}],"wp:term":[{"taxonomy":"category","embeddable":true,"href":"https:\/\/gesellschaft-museum.de\/bridge\/wp-json\/wp\/v2\/categories?post=16283"},{"taxonomy":"post_tag","embeddable":true,"href":"https:\/\/gesellschaft-museum.de\/bridge\/wp-json\/wp\/v2\/tags?post=16283"}],"curies":[{"name":"wp","href":"https:\/\/api.w.org\/{rel}","templated":true}]}}