{"id":1033,"date":"2014-08-27T16:00:38","date_gmt":"2014-08-27T14:00:38","guid":{"rendered":"https:\/\/gmuseum.de\/tennis\/?p=1033"},"modified":"2022-08-01T08:44:55","modified_gmt":"2022-08-01T06:44:55","slug":"jazz-fruehshoppen-2014","status":"publish","type":"post","link":"https:\/\/gesellschaft-museum.de\/tennis\/jazz-fruehshoppen-2014\/","title":{"rendered":"Jazz-Fr\u00fchshoppen 2014"},"content":{"rendered":"\n<style type=\"text\/css\" data-created_by=\"avia_inline_auto\" id=\"style-css-av-3xd706-8e04316b4568d3386b5e8167163afbf2\">\n.avia-section.av-3xd706-8e04316b4568d3386b5e8167163afbf2{\nbackground-repeat:no-repeat;\nbackground-image:url(https:\/\/gesellschaft-museum.de\/tennis\/wp-content\/uploads\/sites\/3\/blog.jpg);\nbackground-position:50% 50%;\nbackground-attachment:scroll;\n}\n.avia-section.av-3xd706-8e04316b4568d3386b5e8167163afbf2 .av-section-color-overlay{\nopacity:0.5;\nbackground-color:#000000;\n}\n<\/style>\n<div id='av_section_1'  class='avia-section av-3xd706-8e04316b4568d3386b5e8167163afbf2 alternate_color avia-section-default avia-no-border-styling  avia-builder-el-0  el_before_av_textblock  avia-builder-el-first  avia-full-stretch avia-bg-style-scroll av-section-color-overlay-active container_wrap sidebar_right'  data-section-bg-repeat='stretch'><div class=\"av-section-color-overlay-wrap\"><div class=\"av-section-color-overlay\"><\/div><div class='container av-section-cont-open' ><main  role=\"main\" itemprop=\"mainContentOfPage\"  class='template-page content  av-content-small alpha units'><div class='post-entry post-entry-type-page post-entry-1033'><div class='entry-content-wrapper clearfix'>\n\n<style type=\"text\/css\" data-created_by=\"avia_inline_auto\" id=\"style-css-av-3uvlp2-9507ec40584c11fc78e1552695de8ccb\">\n.flex_column.av-3uvlp2-9507ec40584c11fc78e1552695de8ccb{\nborder-radius:0px 0px 0px 0px;\n-webkit-border-radius:0px 0px 0px 0px;\n-moz-border-radius:0px 0px 0px 0px;\n}\n<\/style>\n<div class='flex_column av-3uvlp2-9507ec40584c11fc78e1552695de8ccb av_one_full  avia-builder-el-1  avia-builder-el-no-sibling  first flex_column_div av-zero-column-padding '   ><p>\n<style type=\"text\/css\" data-created_by=\"avia_inline_auto\" id=\"style-css-av-klqtyudv-f43e0c4d0d6f7e740ba7b5fba8cad46e\">\n#top .av-special-heading.av-klqtyudv-f43e0c4d0d6f7e740ba7b5fba8cad46e{\npadding-bottom:10px;\n}\nbody .av-special-heading.av-klqtyudv-f43e0c4d0d6f7e740ba7b5fba8cad46e .av-special-heading-tag .heading-char{\nfont-size:25px;\n}\n.av-special-heading.av-klqtyudv-f43e0c4d0d6f7e740ba7b5fba8cad46e .av-subheading{\nfont-size:15px;\n}\n<\/style>\n<div  class='av-special-heading av-klqtyudv-f43e0c4d0d6f7e740ba7b5fba8cad46e av-special-heading-h2 blockquote modern-quote  avia-builder-el-2  el_before_av_post_metadata  avia-builder-el-first '><h2 class='av-special-heading-tag'  itemprop=\"headline\"  >Jazz-Fr\u00fchshoppen<\/h2><div class=\"special-heading-border\"><div class=\"special-heading-inner-border\"><\/div><\/div><\/div><br \/>\n\n<style type=\"text\/css\" data-created_by=\"avia_inline_auto\" id=\"style-css-av-kjr67xui-70ab27dc72844d9492acc64f27f01626\">\n#top .av-post-metadata-container.av-kjr67xui-70ab27dc72844d9492acc64f27f01626{\nfont-size:13px;\n}\n#top .av-post-metadata-container.av-kjr67xui-70ab27dc72844d9492acc64f27f01626 .av-post-metadata-container-inner{\nfont-size:13px;\n}\n\n@media only screen and (min-width: 768px) and (max-width: 989px){ \n#top .av-post-metadata-container.av-kjr67xui-70ab27dc72844d9492acc64f27f01626 .av-post-metadata-container-inner{\nfont-size:13px;\n}\n}\n\n@media only screen and (min-width: 480px) and (max-width: 767px){ \n#top .av-post-metadata-container.av-kjr67xui-70ab27dc72844d9492acc64f27f01626 .av-post-metadata-container-inner{\nfont-size:13px;\n}\n}\n<\/style>\n<div  class='av-post-metadata-container av-kjr67xui-70ab27dc72844d9492acc64f27f01626 av-metadata-container-align-left  avia-builder-el-3  el_after_av_heading  avia-builder-el-last  av-metadata-container-1'><div class='av-post-metadata-container-inner'><span class=\"av-post-metadata-content av-post-metadata-meta-content\"><span class=\"av-post-metadata-content av-post-metadata-author\"  itemprop=\"author\" ><span class=\"av-metadata-before av-metadata-before-author\">von<\/span><span class=\"av-post-metadata-author-link\" ><a href=\"https:\/\/gesellschaft-museum.de\/tennis\/author\/link\/\"  rel=\"author\">plink<\/a><\/span><\/span><span class=\"av-post-metadata-content av-post-metadata-separator\">\/<\/span><span class=\"av-post-metadata-content av-post-metadata-category\"><span class=\"av-metadata-before av-metadata-before-categories\">in<\/span><span class=\"av-post-metadata-category-link\" ><a href=\"https:\/\/gesellschaft-museum.de\/tennis\/kategorie\/rueckblicke\/\" >R\u00fcckblicke<\/a><\/span><\/span><\/span><\/div><\/div><\/p><\/div><\/div><\/div><\/main><!-- close content main element --><\/div><\/div><\/div><div id='after_section_1'  class='main_color av_default_container_wrap container_wrap sidebar_right'  ><div class='container av-section-cont-open' ><div class='template-page content  av-content-small alpha units'><div class='post-entry post-entry-type-page post-entry-1033'><div class='entry-content-wrapper clearfix'><section  class='av_textblock_section av-kecvbbvm-95842523a5ca88fbfd3c1d41680d52c6'  itemscope=\"itemscope\" itemtype=\"https:\/\/schema.org\/BlogPosting\" itemprop=\"blogPost\" ><div class='avia_textblock'  itemprop=\"text\" ><p>Die durch die schlechte Wetterprognose begr\u00fcndete kurzfristige Verlegung des Jazz-Fr\u00fchschoppens vom Samstag auf den Sonntag hat sich als gute Entscheidung erwiesen. Statt Sonne und Regen am Samstag wurde es ein sonniger und trockener Sonntag.<\/p>\n<p><img class=\"aligncenter size-full wp-image-1407\" src=\"\/wp-content\/uploads\/sites\/3\/alt\/1408313754.jpg\" alt=\"\" \/><\/p>\n<p><img class=\"aligncenter size-full wp-image-1407\" src=\"\/wp-content\/uploads\/sites\/3\/alt\/1408314339.jpg\" alt=\"\" \/><\/p>\n<p>Nach einer kurzen (!) Begr\u00fc\u00dfung von Mitgliedern und G\u00e4sten durch unsere Vorsitzende der Tennisabteilung, legten sich Arvid Mainz und seine (jung gebliebenen) Jungs mit Max R\u00fcttinger als Gast am Schlagzeug, ins Zeug, dass es eine wahre Freude war. Hier wurde Dixiland vom Feinsten geboten!<br \/>\n<img class=\"aligncenter size-full wp-image-1407\" src=\"\/wp-content\/uploads\/sites\/3\/alt\/1408469758.jpg\" alt=\"\" \/><\/p>\n<p><img loading=\"lazy\" class=\"wp-image-4282 size-full aligncenter\" style=\"margin-top: 0px; margin-bottom: 0px;\" src=\"\/wp-content\/uploads\/sites\/3\/alt\/1408470271.jpg\" alt=\"1408470271\" width=\"800\" height=\"600\" \/><\/p>\n<p>Maxens \ud83d\ude42 Blick &#8211; oder vielleicht einfacher: Der Blick vom Max &#8211; und von Teilen des Publikums zum Himmel, gilt nicht der g\u00f6ttlichen Musik, sondern der eben \u00fcber dem Platz kreisenden JU 52, genannt &#8220;Tante JU&#8220;, zur Zeit auf Rundflug-Tour \u00fcber N\u00fcrnberg.<\/p>\n<p><img loading=\"lazy\" class=\"aligncenter size-full wp-image-4283\" src=\"\/wp-content\/uploads\/sites\/3\/alt\/1408471382.jpg\" alt=\"1408471382\" width=\"800\" height=\"600\" \/><\/p>\n<p>Und schon hat Arvid wieder die ungeteilte Aufmerksamkeit seines Publikums.<\/p>\n<p><img loading=\"lazy\" class=\"aligncenter size-full wp-image-4284\" src=\"\/wp-content\/uploads\/sites\/3\/alt\/1408486447.jpg\" alt=\"1408486447\" width=\"800\" height=\"600\" \/><\/p>\n<p>J\u00fcrg, Heike + Frieser<\/p>\n<p><img loading=\"lazy\" class=\"aligncenter size-full wp-image-4285\" src=\"\/wp-content\/uploads\/sites\/3\/alt\/1408487198.jpg\" alt=\"1408487198\" width=\"800\" height=\"600\" \/><\/p>\n<p>Arvid und Ingrid<\/p>\n<\/div><\/section><\/p>\n","protected":false},"excerpt":{"rendered":"<p>Die durch die schlechte Wetterprognose begr\u00fcndete kurzfristige Verlegung des Jazz-Fr\u00fchschoppens vom Samstag auf den Sonntag hat sich als gute Entscheidung erwiesen. Statt Sonne und Regen am Samstag wurde es ein sonniger und trockener Sonntag.<\/p>\n","protected":false},"author":2,"featured_media":4680,"comment_status":"closed","ping_status":"closed","sticky":false,"template":"","format":"standard","meta":{"inline_featured_image":false},"categories":[70],"tags":[78,77,73],"_links":{"self":[{"href":"https:\/\/gesellschaft-museum.de\/tennis\/wp-json\/wp\/v2\/posts\/1033"}],"collection":[{"href":"https:\/\/gesellschaft-museum.de\/tennis\/wp-json\/wp\/v2\/posts"}],"about":[{"href":"https:\/\/gesellschaft-museum.de\/tennis\/wp-json\/wp\/v2\/types\/post"}],"author":[{"embeddable":true,"href":"https:\/\/gesellschaft-museum.de\/tennis\/wp-json\/wp\/v2\/users\/2"}],"replies":[{"embeddable":true,"href":"https:\/\/gesellschaft-museum.de\/tennis\/wp-json\/wp\/v2\/comments?post=1033"}],"version-history":[{"count":6,"href":"https:\/\/gesellschaft-museum.de\/tennis\/wp-json\/wp\/v2\/posts\/1033\/revisions"}],"predecessor-version":[{"id":4686,"href":"https:\/\/gesellschaft-museum.de\/tennis\/wp-json\/wp\/v2\/posts\/1033\/revisions\/4686"}],"wp:featuredmedia":[{"embeddable":true,"href":"https:\/\/gesellschaft-museum.de\/tennis\/wp-json\/wp\/v2\/media\/4680"}],"wp:attachment":[{"href":"https:\/\/gesellschaft-museum.de\/tennis\/wp-json\/wp\/v2\/media?parent=1033"}],"wp:term":[{"taxonomy":"category","embeddable":true,"href":"https:\/\/gesellschaft-museum.de\/tennis\/wp-json\/wp\/v2\/categories?post=1033"},{"taxonomy":"post_tag","embeddable":true,"href":"https:\/\/gesellschaft-museum.de\/tennis\/wp-json\/wp\/v2\/tags?post=1033"}],"curies":[{"name":"wp","href":"https:\/\/api.w.org\/{rel}","templated":true}]}}