{"id":4631,"date":"2012-07-13T15:53:45","date_gmt":"2012-07-13T13:53:45","guid":{"rendered":"https:\/\/gesellschaft-museum.de\/tennis\/?p=4631"},"modified":"2022-08-01T08:44:55","modified_gmt":"2022-08-01T06:44:55","slug":"ausflug-nach-bamberg-2012","status":"publish","type":"post","link":"https:\/\/gesellschaft-museum.de\/tennis\/ausflug-nach-bamberg-2012\/","title":{"rendered":"Ausflug nach Bamberg 2012"},"content":{"rendered":"\n<style type=\"text\/css\" data-created_by=\"avia_inline_auto\" id=\"style-css-av-3xd706-623d117798844cb9cfb50cdd13012c58\">\n.avia-section.av-3xd706-623d117798844cb9cfb50cdd13012c58{\nbackground-repeat:no-repeat;\nbackground-image:url(https:\/\/gesellschaft-museum.de\/tennis\/wp-content\/uploads\/sites\/3\/blog.jpg);\nbackground-position:50% 50%;\nbackground-attachment:scroll;\n}\n.avia-section.av-3xd706-623d117798844cb9cfb50cdd13012c58 .av-section-color-overlay{\nopacity:0.5;\nbackground-color:#000000;\n}\n<\/style>\n<div id='av_section_1'  class='avia-section av-3xd706-623d117798844cb9cfb50cdd13012c58 alternate_color avia-section-default avia-no-border-styling  avia-builder-el-0  el_before_av_one_full  avia-builder-el-first  avia-full-stretch avia-bg-style-scroll av-section-color-overlay-active container_wrap sidebar_right'  data-section-bg-repeat='stretch'><div class=\"av-section-color-overlay-wrap\"><div class=\"av-section-color-overlay\"><\/div><div class='container av-section-cont-open' ><main  role=\"main\" itemprop=\"mainContentOfPage\"  class='template-page content  av-content-small alpha units'><div class='post-entry post-entry-type-page post-entry-4631'><div class='entry-content-wrapper clearfix'>\n\n<style type=\"text\/css\" data-created_by=\"avia_inline_auto\" id=\"style-css-av-3uvlp2-9507ec40584c11fc78e1552695de8ccb\">\n.flex_column.av-3uvlp2-9507ec40584c11fc78e1552695de8ccb{\nborder-radius:0px 0px 0px 0px;\n-webkit-border-radius:0px 0px 0px 0px;\n-moz-border-radius:0px 0px 0px 0px;\n}\n<\/style>\n<div class='flex_column av-3uvlp2-9507ec40584c11fc78e1552695de8ccb av_one_full  avia-builder-el-1  avia-builder-el-no-sibling  first flex_column_div av-zero-column-padding '   ><p>\n<style type=\"text\/css\" data-created_by=\"avia_inline_auto\" id=\"style-css-av-klqu1iz7-15e6327fc3437d2c0217bdba75cb4b64\">\n#top .av-special-heading.av-klqu1iz7-15e6327fc3437d2c0217bdba75cb4b64{\npadding-bottom:0px;\n}\nbody .av-special-heading.av-klqu1iz7-15e6327fc3437d2c0217bdba75cb4b64 .av-special-heading-tag .heading-char{\nfont-size:25px;\n}\n.av-special-heading.av-klqu1iz7-15e6327fc3437d2c0217bdba75cb4b64 .av-subheading{\nfont-size:15px;\n}\n<\/style>\n<div  class='av-special-heading av-klqu1iz7-15e6327fc3437d2c0217bdba75cb4b64 av-special-heading-h2 blockquote modern-quote  avia-builder-el-2  el_before_av_post_metadata  avia-builder-el-first '><h2 class='av-special-heading-tag'  itemprop=\"headline\"  >Ausflug nach Bamberg &#8211; Kunst und Gartenschau<\/h2><div class=\"special-heading-border\"><div class=\"special-heading-inner-border\"><\/div><\/div><\/div><br \/>\n\n<style type=\"text\/css\" data-created_by=\"avia_inline_auto\" id=\"style-css-av-kjr67xui-70ab27dc72844d9492acc64f27f01626\">\n#top .av-post-metadata-container.av-kjr67xui-70ab27dc72844d9492acc64f27f01626{\nfont-size:13px;\n}\n#top .av-post-metadata-container.av-kjr67xui-70ab27dc72844d9492acc64f27f01626 .av-post-metadata-container-inner{\nfont-size:13px;\n}\n\n@media only screen and (min-width: 768px) and (max-width: 989px){ \n#top .av-post-metadata-container.av-kjr67xui-70ab27dc72844d9492acc64f27f01626 .av-post-metadata-container-inner{\nfont-size:13px;\n}\n}\n\n@media only screen and (min-width: 480px) and (max-width: 767px){ \n#top .av-post-metadata-container.av-kjr67xui-70ab27dc72844d9492acc64f27f01626 .av-post-metadata-container-inner{\nfont-size:13px;\n}\n}\n<\/style>\n<div  class='av-post-metadata-container av-kjr67xui-70ab27dc72844d9492acc64f27f01626 av-metadata-container-align-left  avia-builder-el-3  el_after_av_heading  avia-builder-el-last  av-metadata-container-1'><div class='av-post-metadata-container-inner'><span class=\"av-post-metadata-content av-post-metadata-meta-content\"><span class=\"av-post-metadata-content av-post-metadata-author\"  itemprop=\"author\" ><span class=\"av-metadata-before av-metadata-before-author\">von<\/span><span class=\"av-post-metadata-author-link\" ><a href=\"https:\/\/gesellschaft-museum.de\/tennis\/author\/link\/\"  rel=\"author\">plink<\/a><\/span><\/span><span class=\"av-post-metadata-content av-post-metadata-separator\">\/<\/span><span class=\"av-post-metadata-content av-post-metadata-category\"><span class=\"av-metadata-before av-metadata-before-categories\">in<\/span><span class=\"av-post-metadata-category-link\" ><a href=\"https:\/\/gesellschaft-museum.de\/tennis\/kategorie\/rueckblicke\/\" >R\u00fcckblicke<\/a><\/span><\/span><\/span><\/div><\/div><\/p><\/div><\/div><\/div><\/main><!-- close content main element --><\/div><\/div><\/div><div id='after_section_1'  class='main_color av_default_container_wrap container_wrap sidebar_right'  ><div class='container av-section-cont-open' ><div class='template-page content  av-content-small alpha units'><div class='post-entry post-entry-type-page post-entry-4631'><div class='entry-content-wrapper clearfix'>\n<style type=\"text\/css\" data-created_by=\"avia_inline_auto\" id=\"style-css-av-95bfb-8f93eea05678ebb0e892cf77747461f3\">\n.flex_column.av-95bfb-8f93eea05678ebb0e892cf77747461f3{\nborder-radius:0px 0px 0px 0px;\n-webkit-border-radius:0px 0px 0px 0px;\n-moz-border-radius:0px 0px 0px 0px;\n}\n<\/style>\n<div class='flex_column av-95bfb-8f93eea05678ebb0e892cf77747461f3 av_one_full  avia-builder-el-4  el_after_av_section  el_before_av_textblock  avia-builder-el-first  first flex_column_div av-zero-column-padding '   ><section  class='av_textblock_section av-kjrauhi2-64ae4d87dcab56fd60d4a3c1ea809e29'  itemscope=\"itemscope\" itemtype=\"https:\/\/schema.org\/BlogPosting\" itemprop=\"blogPost\" ><div class='avia_textblock gm-source'  itemprop=\"text\" ><p><img class=\"aligncenter\" title=\"Titel\" src=\"\/wp-content\/uploads\/sites\/3\/alt\/1342189886.jpg\" alt=\"Titel\" \/>Ein H\u00e4uflein von 20 sonst Tennisbegeisterten traf sich am 9. Mai nicht wie sonst auf rotem Ziegelmehl, sondern am N\u00fcrnberger Hauptbahnhof, um in Bamberg in die Welt der Kunst, Kultur und Natur einzutauchen. Moderne Kunst von Picasso bis Beuys, dargeboten in der Stadtgalerie Villa Dessauer, und die Landesgartenschau standen auf dem Programm, das Herbert Alt liebevoll und perfekt organisiert vorbereitet hatte.<\/p>\n<p><img class=\"aligncenter\" title=\"Ankunft\" src=\"\/wp-content\/uploads\/sites\/3\/alt\/1342190627.jpg\" alt=\"Ankunft\" \/>Durch die Kunstausstellung in der einst einem j\u00fcdischen Hopfenh\u00e4ndler geh\u00f6renden Villa f\u00fchrte uns eine Bamberger Stadtf\u00fchrerin, die sich \u2013 extra f\u00fcr uns \u2013 noch einmal vorbereitet hatte und doch so manche neuen Aspekte und Hintergr\u00fcnde zum Leben der K\u00fcnstler vortragen konnte. Sicher wird jeder seine eigenen Eindr\u00fccke von der Ausstellung mitgenommen haben. Bemerkenswert war jedoch, wie stark die spanischen, aber auch j\u00fcdische Maler die Entwicklung pr\u00e4gten. \u2013<\/p>\n<p><img class=\"aligncenter\" title=\"Stadtbummel\" src=\"\/wp-content\/uploads\/sites\/3\/alt\/1342191380.jpg\" alt=\"Stadtbummel\" \/>Ein kurzer Fu\u00dfmarsch durch die h\u00fcbsche Bamberger Innenstadt und ein gutes fr\u00e4nkisches Mittagessen im \u201eKlosterbr\u00e4u\u201c bereiteten uns sodann auf das zweite Highlight des Tages \u2013 die Landesgartenschau \u2013 vor.<\/p>\n<p><img class=\"aligncenter\" title=\"Beim Essen\" src=\"\/wp-content\/uploads\/sites\/3\/alt\/1342219054.jpg\" alt=\"Beim Essen\" \/>F\u00fcr Bamberg ist es schon ein Gl\u00fccksfall, dass aus einer contaminierten Industriebrache (die fr\u00fchere Baumwollspinnerei Erba mit Textilveredelung!) ein liebenswerter, wassernaher Gr\u00fcng\u00fcrtel geformt werden konnte, der auch in Zukunft von der Bev\u00f6lkerung Bambergs angenommen werden d\u00fcrfte.<\/p>\n<p><img class=\"aligncenter\" title=\"Eingang Gartenschau\" src=\"\/wp-content\/uploads\/sites\/3\/alt\/1342219602.jpg\" alt=\"Eingang Gartenschau\" \/>Auch hier hatten wir das gro\u00dfe Gl\u00fcck, auf einen kompetenten, engagierten F\u00fchrer zu treffen, der uns die Gartenschau in seinen vielen Facetten \u2013 auch hinsichtlich der Entstehung, sp\u00e4teren Verwendung etc. \u2013 n\u00e4herbrachte.<\/p>\n<p><img class=\"aligncenter\" title=\"Gartenschau 02\" src=\"\/wp-content\/uploads\/sites\/3\/alt\/1342220352.jpg\" alt=\"Gartenschau 02\" \/><br \/>\n<img class=\"aligncenter\" title=\"Gang \u00fcber die Gartenschau\" src=\"\/wp-content\/uploads\/sites\/3\/alt\/1342288710.jpg\" alt=\"Gang \u00fcber die Gartenschau\" \/>Bei so viel Farbe st\u00f6hnt manchmal sogar der Chip in der Kamera vor Begeisterung.<\/p>\n<p><img class=\"aligncenter\" title=\"Stiller Genie\u00dfer!\" src=\"\/wp-content\/uploads\/sites\/3\/alt\/1342288449.jpg\" alt=\"Stiller Genie\u00dfer!\" \/><br \/>\n<img class=\"aligncenter\" title=\"Montage 03\" src=\"\/wp-content\/uploads\/sites\/3\/alt\/1342304545.jpg\" alt=\"Montage 03\" \/>F\u00fcr alle, die dabei waren, war es ein wundersch\u00f6ner Tag mit vielen Anregungen in \u2013 wie immer &#8211; angenehmem Kreis. Dem Organisator an dieser Stelle noch einmal ein herzliches Dankesch\u00f6n.<\/p>\n<p><img class=\"aligncenter\" title=\"Gruppenbild\" src=\"\/wp-content\/uploads\/sites\/3\/alt\/1342304827.jpg\" alt=\"Gruppenbild\" \/><\/p>\n<\/div><\/section><\/div><\/p>\n<section  class='av_textblock_section av-kjrauhi2-64ae4d87dcab56fd60d4a3c1ea809e29'  itemscope=\"itemscope\" itemtype=\"https:\/\/schema.org\/BlogPosting\" itemprop=\"blogPost\" ><div class='avia_textblock gm-source'  itemprop=\"text\" ><p><strong>Quellen:<br \/>\nBilder:<\/strong> Arvid Mainz und Herbert Alt<br \/>\n<strong>Text:<\/strong> Arvid Mainz<strong><br \/>\n<\/strong><\/p>\n<\/div><\/section>\n","protected":false},"excerpt":{"rendered":"<p>Ausflug zur Kunst und Gartenschau 2012 in Bamberg<\/p>\n","protected":false},"author":2,"featured_media":4640,"comment_status":"closed","ping_status":"closed","sticky":false,"template":"","format":"standard","meta":{"inline_featured_image":false},"categories":[70],"tags":[75,73],"_links":{"self":[{"href":"https:\/\/gesellschaft-museum.de\/tennis\/wp-json\/wp\/v2\/posts\/4631"}],"collection":[{"href":"https:\/\/gesellschaft-museum.de\/tennis\/wp-json\/wp\/v2\/posts"}],"about":[{"href":"https:\/\/gesellschaft-museum.de\/tennis\/wp-json\/wp\/v2\/types\/post"}],"author":[{"embeddable":true,"href":"https:\/\/gesellschaft-museum.de\/tennis\/wp-json\/wp\/v2\/users\/2"}],"replies":[{"embeddable":true,"href":"https:\/\/gesellschaft-museum.de\/tennis\/wp-json\/wp\/v2\/comments?post=4631"}],"version-history":[{"count":5,"href":"https:\/\/gesellschaft-museum.de\/tennis\/wp-json\/wp\/v2\/posts\/4631\/revisions"}],"predecessor-version":[{"id":4639,"href":"https:\/\/gesellschaft-museum.de\/tennis\/wp-json\/wp\/v2\/posts\/4631\/revisions\/4639"}],"wp:featuredmedia":[{"embeddable":true,"href":"https:\/\/gesellschaft-museum.de\/tennis\/wp-json\/wp\/v2\/media\/4640"}],"wp:attachment":[{"href":"https:\/\/gesellschaft-museum.de\/tennis\/wp-json\/wp\/v2\/media?parent=4631"}],"wp:term":[{"taxonomy":"category","embeddable":true,"href":"https:\/\/gesellschaft-museum.de\/tennis\/wp-json\/wp\/v2\/categories?post=4631"},{"taxonomy":"post_tag","embeddable":true,"href":"https:\/\/gesellschaft-museum.de\/tennis\/wp-json\/wp\/v2\/tags?post=4631"}],"curies":[{"name":"wp","href":"https:\/\/api.w.org\/{rel}","templated":true}]}}