{"id":532,"date":"2014-10-20T16:59:55","date_gmt":"2014-10-20T14:59:55","guid":{"rendered":"https:\/\/gmuseum.de\/tennis\/?p=532"},"modified":"2022-08-01T08:44:55","modified_gmt":"2022-08-01T06:44:55","slug":"tullnaufest-2014","status":"publish","type":"post","link":"https:\/\/gesellschaft-museum.de\/tennis\/tullnaufest-2014\/","title":{"rendered":"Tullnaufest 2014"},"content":{"rendered":"\n<style type=\"text\/css\" data-created_by=\"avia_inline_auto\" id=\"style-css-av-3xd706-623d117798844cb9cfb50cdd13012c58\">\n.avia-section.av-3xd706-623d117798844cb9cfb50cdd13012c58{\nbackground-repeat:no-repeat;\nbackground-image:url(https:\/\/gesellschaft-museum.de\/tennis\/wp-content\/uploads\/sites\/3\/blog.jpg);\nbackground-position:50% 50%;\nbackground-attachment:scroll;\n}\n.avia-section.av-3xd706-623d117798844cb9cfb50cdd13012c58 .av-section-color-overlay{\nopacity:0.5;\nbackground-color:#000000;\n}\n<\/style>\n<div id='av_section_1'  class='avia-section av-3xd706-623d117798844cb9cfb50cdd13012c58 alternate_color avia-section-default avia-no-border-styling  avia-builder-el-0  el_before_av_textblock  avia-builder-el-first  avia-full-stretch avia-bg-style-scroll av-section-color-overlay-active container_wrap sidebar_right'  data-section-bg-repeat='stretch'><div class=\"av-section-color-overlay-wrap\"><div class=\"av-section-color-overlay\"><\/div><div class='container av-section-cont-open' ><main  role=\"main\" itemprop=\"mainContentOfPage\"  class='template-page content  av-content-small alpha units'><div class='post-entry post-entry-type-page post-entry-532'><div class='entry-content-wrapper clearfix'>\n\n<style type=\"text\/css\" data-created_by=\"avia_inline_auto\" id=\"style-css-av-3uvlp2-9507ec40584c11fc78e1552695de8ccb\">\n.flex_column.av-3uvlp2-9507ec40584c11fc78e1552695de8ccb{\nborder-radius:0px 0px 0px 0px;\n-webkit-border-radius:0px 0px 0px 0px;\n-moz-border-radius:0px 0px 0px 0px;\n}\n<\/style>\n<div class='flex_column av-3uvlp2-9507ec40584c11fc78e1552695de8ccb av_one_full  avia-builder-el-1  avia-builder-el-no-sibling  first flex_column_div av-zero-column-padding '   ><p>\n<style type=\"text\/css\" data-created_by=\"avia_inline_auto\" id=\"style-css-av-klqtl4su-882a5df99221f51204406b4b4cb32b82\">\n#top .av-special-heading.av-klqtl4su-882a5df99221f51204406b4b4cb32b82{\npadding-bottom:10px;\n}\nbody .av-special-heading.av-klqtl4su-882a5df99221f51204406b4b4cb32b82 .av-special-heading-tag .heading-char{\nfont-size:25px;\n}\n.av-special-heading.av-klqtl4su-882a5df99221f51204406b4b4cb32b82 .av-subheading{\nfont-size:15px;\n}\n<\/style>\n<div  class='av-special-heading av-klqtl4su-882a5df99221f51204406b4b4cb32b82 av-special-heading-h2 blockquote modern-quote  avia-builder-el-2  el_before_av_post_metadata  avia-builder-el-first '><div class='av-subheading av-subheading_above'><p>Sonntag, 13.09.2014<\/p>\n<\/div><h2 class='av-special-heading-tag'  itemprop=\"headline\"  >Tullnaufest zum Auftakt der Sanierungsarbeiten<\/h2><div class=\"special-heading-border\"><div class=\"special-heading-inner-border\"><\/div><\/div><\/div><br \/>\n\n<style type=\"text\/css\" data-created_by=\"avia_inline_auto\" id=\"style-css-av-kjr67xui-570ca130a44668b9f8d0afafc5cba2c5\">\n#top .av-post-metadata-container.av-kjr67xui-570ca130a44668b9f8d0afafc5cba2c5{\nfont-size:13px;\n}\n#top .av-post-metadata-container.av-kjr67xui-570ca130a44668b9f8d0afafc5cba2c5 .av-post-metadata-container-inner{\nfont-size:13px;\n}\n\n@media only screen and (min-width: 768px) and (max-width: 989px){ \n#top .av-post-metadata-container.av-kjr67xui-570ca130a44668b9f8d0afafc5cba2c5 .av-post-metadata-container-inner{\nfont-size:13px;\n}\n}\n\n@media only screen and (min-width: 480px) and (max-width: 767px){ \n#top .av-post-metadata-container.av-kjr67xui-570ca130a44668b9f8d0afafc5cba2c5 .av-post-metadata-container-inner{\nfont-size:13px;\n}\n}\n<\/style>\n<div  class='av-post-metadata-container av-kjr67xui-570ca130a44668b9f8d0afafc5cba2c5 av-metadata-container-align-left  avia-builder-el-3  el_after_av_heading  avia-builder-el-last  av-metadata-container-1'><div class='av-post-metadata-container-inner'><span class=\"av-post-metadata-content av-post-metadata-meta-content\"><span class=\"av-post-metadata-content av-post-metadata-author\"  itemprop=\"author\" ><span class=\"av-metadata-before av-metadata-before-author\">von<\/span><span class=\"av-post-metadata-author-link\" ><a href=\"https:\/\/gesellschaft-museum.de\/tennis\/author\/link\/\"  rel=\"author\">plink<\/a><\/span><\/span><span class=\"av-post-metadata-content av-post-metadata-separator\">\/<\/span><span class=\"av-post-metadata-content av-post-metadata-published\"><span class=\"av-post-metadata-published-date\" >20. Oktober 2014<\/span><\/span><span class=\"av-post-metadata-content av-post-metadata-separator\">\/<\/span><span class=\"av-post-metadata-content av-post-metadata-category\"><span class=\"av-metadata-before av-metadata-before-categories\">in<\/span><span class=\"av-post-metadata-category-link\" ><a href=\"https:\/\/gesellschaft-museum.de\/tennis\/kategorie\/rueckblicke\/\" >R\u00fcckblicke<\/a><\/span><\/span><\/span><\/div><\/div><\/p><\/div><\/div><\/div><\/main><!-- close content main element --><\/div><\/div><\/div><div id='after_section_1'  class='main_color av_default_container_wrap container_wrap sidebar_right'  ><div class='container av-section-cont-open' ><div class='template-page content  av-content-small alpha units'><div class='post-entry post-entry-type-page post-entry-532'><div class='entry-content-wrapper clearfix'>\n<style type=\"text\/css\" data-created_by=\"avia_inline_auto\" id=\"style-css-av-ke07pl11-8785f8b4ce60128477ac31fe7af238e8\">\n#top .av_textblock_section.av-ke07pl11-8785f8b4ce60128477ac31fe7af238e8 .avia_textblock{\nfont-size:16px;\n}\n\n@media only screen and (min-width: 768px) and (max-width: 989px){ \n#top .av_textblock_section.av-ke07pl11-8785f8b4ce60128477ac31fe7af238e8 .avia_textblock{\nfont-size:15px;\n}\n}\n\n@media only screen and (min-width: 480px) and (max-width: 767px){ \n#top .av_textblock_section.av-ke07pl11-8785f8b4ce60128477ac31fe7af238e8 .avia_textblock{\nfont-size:14px;\n}\n}\n\n@media only screen and (max-width: 479px){ \n#top .av_textblock_section.av-ke07pl11-8785f8b4ce60128477ac31fe7af238e8 .avia_textblock{\nfont-size:13px;\n}\n}\n<\/style>\n<section  class='av_textblock_section av-ke07pl11-8785f8b4ce60128477ac31fe7af238e8'  itemscope=\"itemscope\" itemtype=\"https:\/\/schema.org\/BlogPosting\" itemprop=\"blogPost\" ><div class='avia_textblock'  itemprop=\"text\" ><p><img class=\"alignnone\" src=\"\/wp-content\/uploads\/sites\/3\/1413823624.jpg\" alt=\"Titel zum Tullnaufest\" \/><\/p>\n<p>&#8230; die V\u00f6glein schlafen<br \/>\nein Fl\u00fcstern nur, du h\u00f6rst es kaum<br \/>\nDer Abend naht, nun senkt sich nieder<br \/>\nauf die Natur ein s\u00fc\u00dfer Traum<\/p>\n<p>Heinrich Pfeil &#8211; 1879<\/p>\n<p>Ja, still ruhte nicht nur der See, sondern jahrelang auch die Stadt N\u00fcrnberg und ihr Servicebetrieb \u00f6ffentlicher Raum in Bezug auf Pflege- und Erhaltungsma\u00dfnahmen des kleinen Juwels &#8220;Tullnaupark&#8220; an der Ostendstra\u00dfe in N\u00fcrnberg.<\/p>\n<p>Es fehlten so lange kleines Geld und Interesse f\u00fcr kleine Reparaturen, bis die Sch\u00e4den so gro\u00df geworden waren, dass klar war, dass der Erhalt der Anlage nun nur noch mit richtig viel Geld zu stemmen sein w\u00fcrde. Und der Jammer war gro\u00df.<\/p>\n<p>Bis dann &#8211; nein, keine gute Fee, sondern ein Sponsor in Form der nahegelegenen VR-Bank (Volks- und Raiffeisenbank) aufgetan werden konnte, der bereit war einen gr\u00f6\u00dferen Betrag zur Anschubfinanzierung zu spenden.<\/p>\n<p>Und um diesen Anschub auch etwas optisch herauszuputzen, beschlossen die Verantwortlichen von S\u00d6R, der Bank und dem Vorstadtverein W\u00f6hrd, sich zusammenzutun und ein kleines Fest zu organisieren.<\/p>\n<p>Um das Elend etwas aufzuh\u00fcbschen, wurde es in die Abendstunden verlegt, um bei k\u00fcnstlicher Beleuchtung selbst Ruinen und marodes Mauerwerk noch malerisch und attraktiv erscheinen zu lassen.<\/p>\n<p><img class=\"alignnone\" src=\"\/wp-content\/uploads\/sites\/3\/1413842638.jpg\" alt=\"Musikpavillon\" \/><\/p>\n<p>Nach einem regnerisch-tr\u00fcben Tag hat es doch noch aufgehellt. Mit einer Band werden die ersten Besucher angelockt und unterhalten.<\/p>\n<p><img class=\"alignnone\" src=\"\/wp-content\/uploads\/sites\/3\/1413843971.jpg\" alt=\"Redner H\u00f6fler, S\u00d6R, Riedel, K\u00e4mmerer, Direktor VR-Bank\" \/><\/p>\n<p>Vorstellung des Projekts und seiner Probleme durch die Verantwortlichen.<br \/>\nRonald H\u00f6fler, Kaufm\u00e4nnischer Werkleiter von S\u00d6R, Harald Riedel, Stadtk\u00e4mmerer, Dirk Helmbrecht, VR-Bank (Sponsor)<\/p>\n<p>Bild oben (untere H\u00e4lfte) Mitte, (von links) Stadtr\u00e4te Sebastian Brehm und Max H\u00f6ffkes, CSU und der Vorsitzende des Vorstadtvereins W\u00f6hrd, Knut Engelbrecht. &#8211; Selbstverst\u00e4ndlich waren auch noch Vertreter anderer politischer Richtungen anwesend, die Genannten waren jedoch die einzigen, die der Verfasser so auf Anhieb erkannt hat.<br \/>\nIch bitte alle Anderen, die von mir unerkannt ihr Interesse bekundet haben, ausdr\u00fccklich um Verzeihung!!!<\/p>\n<p><img class=\"alignnone\" src=\"\/wp-content\/uploads\/sites\/3\/1413888316.jpg\" alt=\"Montage 04 Auf der anderen Seite vom See\" \/><\/p>\n<p>Mit dem schwindenden Tageslicht wird die Beleuchtung zugeschaltet.<\/p>\n<p><img class=\"alignnone\" src=\"\/wp-content\/uploads\/sites\/3\/1413888866.jpg\" alt=\"Montage 3A Beleuchtung \" \/><\/p>\n<p><img class=\"alignnone\" src=\"\/wp-content\/uploads\/sites\/3\/1413889525.jpg\" alt=\"Montage 04 Gruppenf\u00fchrung \" \/><\/p>\n<p>Die Erl\u00e4uterungen zur Geschichte der Anlage und zum Sanierungskonzept sto\u00dfen auf reges Interesse.<\/p>\n<p><img src=\"\/wp-content\/uploads\/sites\/3\/1413896969.jpg\" alt=\"Montage 05 Am Imbi\u00dfstand Vorstadtverein W\u00f6hrd \" \/><\/p>\n<p>Ehrenamtliche Helfer des Vorstadtvereins W\u00f6hrd sorgen am Imbi\u00dfstand f\u00fcr das leibliche Wohl der Besucher.<\/p>\n<p><img src=\"\/wp-content\/uploads\/sites\/3\/1413898245.jpg\" alt=\"Montage 06\" \/><\/p>\n<p><img src=\"\/wp-content\/uploads\/sites\/3\/1413902875.jpg\" alt=\"Montage 5B\" \/><\/p>\n<p><img src=\"\/wp-content\/uploads\/sites\/3\/1413900513.jpg\" alt=\"Montage 08\" \/><\/p>\n<p>Es ist wirklich ein stimmungsvoller Abend in der Tullnau geworden.<\/p>\n<p>Es hat sich gelohnt vorbei zu schauen! &#8211; Ein herzliches Dankesch\u00f6n an die Organisatoren!<\/p>\n<p><img src=\"\/wp-content\/uploads\/sites\/3\/1413903882.jpg\" alt=\"Montage 09B Schlu\u00dfbild VR-Bank\" \/><\/p>\n<\/div><\/section><\/p>\n","protected":false},"excerpt":{"rendered":"<p>Tullnaufest zum Auftakt der Sanierungsarbeiten am 13.09.2014<\/p>\n","protected":false},"author":2,"featured_media":4681,"comment_status":"closed","ping_status":"closed","sticky":false,"template":"","format":"standard","meta":{"inline_featured_image":false},"categories":[70],"tags":[73],"_links":{"self":[{"href":"https:\/\/gesellschaft-museum.de\/tennis\/wp-json\/wp\/v2\/posts\/532"}],"collection":[{"href":"https:\/\/gesellschaft-museum.de\/tennis\/wp-json\/wp\/v2\/posts"}],"about":[{"href":"https:\/\/gesellschaft-museum.de\/tennis\/wp-json\/wp\/v2\/types\/post"}],"author":[{"embeddable":true,"href":"https:\/\/gesellschaft-museum.de\/tennis\/wp-json\/wp\/v2\/users\/2"}],"replies":[{"embeddable":true,"href":"https:\/\/gesellschaft-museum.de\/tennis\/wp-json\/wp\/v2\/comments?post=532"}],"version-history":[{"count":5,"href":"https:\/\/gesellschaft-museum.de\/tennis\/wp-json\/wp\/v2\/posts\/532\/revisions"}],"predecessor-version":[{"id":4683,"href":"https:\/\/gesellschaft-museum.de\/tennis\/wp-json\/wp\/v2\/posts\/532\/revisions\/4683"}],"wp:featuredmedia":[{"embeddable":true,"href":"https:\/\/gesellschaft-museum.de\/tennis\/wp-json\/wp\/v2\/media\/4681"}],"wp:attachment":[{"href":"https:\/\/gesellschaft-museum.de\/tennis\/wp-json\/wp\/v2\/media?parent=532"}],"wp:term":[{"taxonomy":"category","embeddable":true,"href":"https:\/\/gesellschaft-museum.de\/tennis\/wp-json\/wp\/v2\/categories?post=532"},{"taxonomy":"post_tag","embeddable":true,"href":"https:\/\/gesellschaft-museum.de\/tennis\/wp-json\/wp\/v2\/tags?post=532"}],"curies":[{"name":"wp","href":"https:\/\/api.w.org\/{rel}","templated":true}]}}